{"id":263,"date":"2022-02-28T11:09:45","date_gmt":"2022-02-28T10:09:45","guid":{"rendered":"https:\/\/cote-choeur.com\/?p=263"},"modified":"2022-02-28T11:09:45","modified_gmt":"2022-02-28T10:09:45","slug":"trailer-jean-andreu-cote-choeur","status":"publish","type":"post","link":"https:\/\/cote-choeur.com\/?p=263","title":{"rendered":"#TRAILER Jean Andreu \/ C\u00f4t\u00e9 Ch\u0153ur"},"content":{"rendered":"\n<figure class=\"wp-block-embed-youtube wp-block-embed is-type-video is-provider-youtube wp-embed-aspect-16-9 wp-has-aspect-ratio\"><div class=\"wp-block-embed__wrapper\">\n<iframe loading=\"lazy\" title=\"Jean Andreu \/ C\u00f4t\u00e9 Ch\u0153ur LIVE #TRAILER\" width=\"500\" height=\"281\" src=\"https:\/\/www.youtube.com\/embed\/oQej2WYB2O8?feature=oembed\" frameborder=\"0\" allow=\"accelerometer; autoplay; clipboard-write; encrypted-media; gyroscope; picture-in-picture; web-share\" referrerpolicy=\"strict-origin-when-cross-origin\" allowfullscreen><\/iframe>\n<\/div><figcaption>Trailer de la saison 1 \u00ab\u00a0Jean Andreu \/ C\u00f4t\u00e9 Ch\u0153ur\u00a0\u00bb, avec la chorale Atout Ch\u0153ur de Muret.<\/figcaption><\/figure>\n\n\n\n<p><strong>Le 25 septembre 2021, apr\u00e8s presque 2 ans d&rsquo;attente, 1 an de coaching, de r\u00e9p\u00e9titions, d&rsquo;ateliers, entour\u00e9e de professionnels, la chorale Atout Ch\u0153ur de Muret a accompagn\u00e9 l&rsquo;artiste Jean Andreu sur sc\u00e8ne pour un concert exceptionnel.<\/strong><\/p>\n\n\n\n<p>Les 99 artistes sur sc\u00e8ne ont fait salle comble et ont combl\u00e9 la soif d&rsquo;aventure, de chants et de projecteurs de la chorale amateur lors d&rsquo;un spectacle in\u00e9dit, unique qui se sera termin\u00e9 par une standing ovation&#8230;<\/p>\n","protected":false},"excerpt":{"rendered":"<p>Le 25 septembre 2021, apr\u00e8s presque 2 ans d&rsquo;attente, 1 an de coaching, de r\u00e9p\u00e9titions, d&rsquo;ateliers, entour\u00e9e de professionnels, la chorale Atout Ch\u0153ur de Muret a accompagn\u00e9 l&rsquo;artiste Jean Andreu sur sc\u00e8ne pour un concert exceptionnel. Les 99 artistes sur sc\u00e8ne ont fait salle comble et ont combl\u00e9 la soif d&rsquo;aventure, de chants et de projecteurs de la chorale amateur lors d&rsquo;un spectacle in\u00e9dit, unique qui se sera termin\u00e9 par une standing ovation&#8230;<\/p>\n","protected":false},"author":1,"featured_media":260,"comment_status":"open","ping_status":"open","sticky":true,"template":"","format":"standard","meta":{"footnotes":""},"categories":[17,10,16,12],"tags":[],"class_list":["post-263","post","type-post","status-publish","format-standard","has-post-thumbnail","hentry","category-concert","category-medias","category-tous","category-videos"],"_links":{"self":[{"href":"https:\/\/cote-choeur.com\/index.php?rest_route=\/wp\/v2\/posts\/263","targetHints":{"allow":["GET"]}}],"collection":[{"href":"https:\/\/cote-choeur.com\/index.php?rest_route=\/wp\/v2\/posts"}],"about":[{"href":"https:\/\/cote-choeur.com\/index.php?rest_route=\/wp\/v2\/types\/post"}],"author":[{"embeddable":true,"href":"https:\/\/cote-choeur.com\/index.php?rest_route=\/wp\/v2\/users\/1"}],"replies":[{"embeddable":true,"href":"https:\/\/cote-choeur.com\/index.php?rest_route=%2Fwp%2Fv2%2Fcomments&post=263"}],"version-history":[{"count":2,"href":"https:\/\/cote-choeur.com\/index.php?rest_route=\/wp\/v2\/posts\/263\/revisions"}],"predecessor-version":[{"id":265,"href":"https:\/\/cote-choeur.com\/index.php?rest_route=\/wp\/v2\/posts\/263\/revisions\/265"}],"wp:featuredmedia":[{"embeddable":true,"href":"https:\/\/cote-choeur.com\/index.php?rest_route=\/wp\/v2\/media\/260"}],"wp:attachment":[{"href":"https:\/\/cote-choeur.com\/index.php?rest_route=%2Fwp%2Fv2%2Fmedia&parent=263"}],"wp:term":[{"taxonomy":"category","embeddable":true,"href":"https:\/\/cote-choeur.com\/index.php?rest_route=%2Fwp%2Fv2%2Fcategories&post=263"},{"taxonomy":"post_tag","embeddable":true,"href":"https:\/\/cote-choeur.com\/index.php?rest_route=%2Fwp%2Fv2%2Ftags&post=263"}],"curies":[{"name":"wp","href":"https:\/\/api.w.org\/{rel}","templated":true}]}}